{"id":6193,"date":"2024-11-25T10:00:00","date_gmt":"2024-11-25T10:00:00","guid":{"rendered":"https:\/\/urbelca.com\/?p=6193"},"modified":"2025-04-30T07:30:03","modified_gmt":"2025-04-30T07:30:03","slug":"claves-en-diseno-de-interiores-que-reflejen-la-esencia-de-tu-marca","status":"publish","type":"post","link":"https:\/\/u-build.es\/en\/2024\/11\/25\/claves-en-diseno-de-interiores-que-reflejen-la-esencia-de-tu-marca\/","title":{"rendered":"10 claves en dise\u00f1o de interiores que reflejan la esencia de tu marca"},"content":{"rendered":"<p>En <a href=\"https:\/\/web72.net\/ubuild\/\">Urbelca<\/a>, creemos que el espacio en el que trabajas, vives o recibes a tus clientes es una extensi\u00f3n de tu marca. No se trata solo de paredes y muebles, sino de crear una experiencia que comunique qui\u00e9n eres y qu\u00e9 representas. Descubre algunas claves de dise\u00f1o de interiores que realmente reflejen la esencia de tu marca.<\/p>\n\n\n\n<h2 class=\"wp-block-heading\"><strong>1. Conoce tu identidad de marca<\/strong><\/h2>\n\n\n\n<p>Antes de embarcarte en cualquier proyecto de dise\u00f1o, es crucial entender la esencia de tu marca. \u00bfCu\u00e1l es tu misi\u00f3n? \u00bfQu\u00e9 valores deseas transmitir? Identificar estos elementos te permitir\u00e1 traducirlos en decisiones de dise\u00f1o. Por ejemplo, si tu marca se basa en la sostenibilidad, opta por materiales ecoamigables y un dise\u00f1o que transmita la naturaleza.<\/p>\n\n\n\n<h2 class=\"wp-block-heading\"><strong>2. Define tu p\u00fablico objetivo<\/strong><\/h2>\n\n\n\n<p>El dise\u00f1o interior debe conectar con tu audiencia. Piensa en qui\u00e9nes son tus clientes y qu\u00e9 esperan de ti. Si tu empresa se dirige a un p\u00fablico joven y moderno, un dise\u00f1o contempor\u00e1neo y vibrante ser\u00e1 m\u00e1s atractivo. Por otro lado, si tu marca apela a un p\u00fablico m\u00e1s conservador, tal vez desees optar por tonos m\u00e1s neutros y una est\u00e9tica m\u00e1s cl\u00e1sica.<\/p>\n\n\n\n<h2 class=\"wp-block-heading\"><strong>3. Crea un ambiente coherente<\/strong><\/h2>\n\n\n\n<p>La coherencia es clave. Cada elemento, desde los colores hasta los muebles, debe trabajar en armon\u00eda para contar la historia de tu marca. Esto no solo crea un ambiente agradable, sino que tambi\u00e9n ayuda a reforzar la identidad de tu marca en la mente de tus clientes.<\/p>\n\n\n\n<h2 class=\"wp-block-heading\"><strong>4. Elige mobiliario con prop\u00f3sito<\/strong><\/h2>\n\n\n\n<p>El mobiliario no solo debe ser est\u00e9tico; tambi\u00e9n debe ser funcional y reflejar tu marca. Si eres una empresa tecnol\u00f3gica, por ejemplo, puedes optar por mobiliario minimalista y de l\u00edneas limpias. Por otro lado, si tu negocio se centra en la hospitalidad, un mobiliario c\u00f3modo y acogedor har\u00e1 que tus clientes se sientan bienvenidos. Cada pieza debe contar una historia y aportar valor a la experiencia general.<\/p>\n\n\n\n<h2 class=\"wp-block-heading\"><strong>5. Incorpora elementos visuales<\/strong><\/h2>\n\n\n\n<p>Las obras de arte, los gr\u00e1ficos y otros elementos visuales pueden tener un gran impacto al transmitir la esencia de tu marca. Considera la posibilidad de incluir murales o fotograf\u00edas que cuenten la historia de tu empresa. Estos detalles no solo embellecen el espacio, sino que tambi\u00e9n pueden llamar la atenci\u00f3n y generar conversaci\u00f3n entre tus clientes.<\/p>\n\n\n\n<h2 class=\"wp-block-heading\"><strong>6. Apuesta por la iluminaci\u00f3n<\/strong><\/h2>\n\n\n\n<p>La iluminaci\u00f3n es uno de los aspectos m\u00e1s importantes del dise\u00f1o interior, y puede cambiar por completo la percepci\u00f3n de un espacio. Una iluminaci\u00f3n adecuada no solo resalta los elementos de tu marca, sino que tambi\u00e9n crea un ambiente c\u00f3modo y acogedor. Piensa en utilizar luces c\u00e1lidas para un ambiente m\u00e1s \u00edntimo o iluminaci\u00f3n directa para resaltar \u00e1reas espec\u00edficas.<\/p>\n\n\n\n<h2 class=\"wp-block-heading\"><strong>7. Integra tecnolog\u00eda<\/strong><\/h2>\n\n\n\n<p>En un mundo cada vez m\u00e1s digital, la tecnolog\u00eda puede ser una gran aliada en el dise\u00f1o de interiores. Ya sea a trav\u00e9s de pantallas interactivas, sistemas de audio o soluciones de automatizaci\u00f3n, integrar tecnolog\u00eda de manera efectiva puede mejorar la experiencia del cliente y reflejar una imagen de modernidad y vanguardia. Aunque debes asegurarte de que estas integraciones est\u00e9n alineadas con la esencia de tu marca.<\/p>\n\n\n\n<h2 class=\"wp-block-heading\"><strong>8. Espacios flexibles<\/strong><\/h2>\n\n\n\n<p>El dise\u00f1o de interiores tambi\u00e9n debe adaptarse a las necesidades cambiantes de tu negocio. Espacios flexibles que se pueden reconfigurar para diferentes usos son una excelente manera de mantener la relevancia y funcionalidad. Esto no solo ayuda en la optimizaci\u00f3n del espacio, sino que tambi\u00e9n muestra que tu marca est\u00e1 en sinton\u00eda con las necesidades de sus clientes.<\/p>\n\n\n\n<h2 class=\"wp-block-heading\"><strong>9. Detalles que marcan la diferencia<\/strong><\/h2>\n\n\n\n<p>Los peque\u00f1os detalles pueden tener un gran impacto. Desde el aroma en el ambiente hasta la m\u00fasica que se reproduce, cada aspecto contribuye a la experiencia del cliente. Aseg\u00farate de que estos detalles est\u00e1n en sinton\u00eda con tu marca.<\/p>\n\n\n\n<h2 class=\"wp-block-heading\"><strong>10. Escucha a tus clientes<\/strong><\/h2>\n\n\n\n<p>Finalmente, recuerda que el dise\u00f1o interior debe evolucionar. Escuchar a tus clientes y estar abierto a sus sugerencias puede proporcionarte valiosas ideas sobre c\u00f3mo mejorar el espacio. La retroalimentaci\u00f3n puede ser una herramienta poderosa para adaptar tu dise\u00f1o y asegurarte de que siga reflejando la esencia de tu marca.<\/p>\n\n\n\n<p>En <a href=\"https:\/\/web72.net\/ubuild\/\">Urbelca<\/a>, estamos aqu\u00ed para ayudarte en cada paso del camino. \u00a1Juntos crearemos un entorno que conecte con tu p\u00fablico! \u00a1<a href=\"https:\/\/web72.net\/ubuild\/contacto\/\">Contact us<\/a>!<\/p>\n\n\n\n<p><\/p>","protected":false},"excerpt":{"rendered":"<p>En Urbelca, creemos que el espacio en el que trabajas, vives o recibes a tus clientes es una extensi\u00f3n de tu marca. No se trata solo de paredes y muebles, sino de crear una experiencia que comunique qui\u00e9n eres y qu\u00e9 representas.<\/p>","protected":false},"author":30,"featured_media":6189,"comment_status":"closed","ping_status":"open","sticky":false,"template":"","format":"standard","meta":{"_acf_changed":false,"inline_featured_image":false,"site-sidebar-layout":"default","site-content-layout":"","ast-site-content-layout":"default","site-content-style":"default","site-sidebar-style":"default","ast-global-header-display":"","ast-banner-title-visibility":"","ast-main-header-display":"","ast-hfb-above-header-display":"","ast-hfb-below-header-display":"","ast-hfb-mobile-header-display":"","site-post-title":"","ast-breadcrumbs-content":"","ast-featured-img":"","footer-sml-layout":"","ast-disable-related-posts":"","theme-transparent-header-meta":"","adv-header-id-meta":"","stick-header-meta":"","header-above-stick-meta":"","header-main-stick-meta":"","header-below-stick-meta":"","astra-migrate-meta-layouts":"set","ast-page-background-enabled":"default","ast-page-background-meta":{"desktop":{"background-color":"","background-image":"","background-repeat":"repeat","background-position":"center center","background-size":"auto","background-attachment":"scroll","background-type":"","background-media":"","overlay-type":"","overlay-color":"","overlay-opacity":"","overlay-gradient":""},"tablet":{"background-color":"","background-image":"","background-repeat":"repeat","background-position":"center center","background-size":"auto","background-attachment":"scroll","background-type":"","background-media":"","overlay-type":"","overlay-color":"","overlay-opacity":"","overlay-gradient":""},"mobile":{"background-color":"","background-image":"","background-repeat":"repeat","background-position":"center center","background-size":"auto","background-attachment":"scroll","background-type":"","background-media":"","overlay-type":"","overlay-color":"","overlay-opacity":"","overlay-gradient":""}},"ast-content-background-meta":{"desktop":{"background-color":"var(--ast-global-color-5)","background-image":"","background-repeat":"repeat","background-position":"center center","background-size":"auto","background-attachment":"scroll","background-type":"","background-media":"","overlay-type":"","overlay-color":"","overlay-opacity":"","overlay-gradient":""},"tablet":{"background-color":"var(--ast-global-color-5)","background-image":"","background-repeat":"repeat","background-position":"center center","background-size":"auto","background-attachment":"scroll","background-type":"","background-media":"","overlay-type":"","overlay-color":"","overlay-opacity":"","overlay-gradient":""},"mobile":{"background-color":"var(--ast-global-color-5)","background-image":"","background-repeat":"repeat","background-position":"center center","background-size":"auto","background-attachment":"scroll","background-type":"","background-media":"","overlay-type":"","overlay-color":"","overlay-opacity":"","overlay-gradient":""}},"_joinchat":[],"footnotes":""},"categories":[1],"tags":[96],"class_list":["post-6193","post","type-post","status-publish","format-standard","has-post-thumbnail","hentry","category-uncategorized","tag-diseno-de-interiores"],"acf":[],"aioseo_notices":[],"_links":{"self":[{"href":"https:\/\/u-build.es\/en\/wp-json\/wp\/v2\/posts\/6193","targetHints":{"allow":["GET"]}}],"collection":[{"href":"https:\/\/u-build.es\/en\/wp-json\/wp\/v2\/posts"}],"about":[{"href":"https:\/\/u-build.es\/en\/wp-json\/wp\/v2\/types\/post"}],"author":[{"embeddable":true,"href":"https:\/\/u-build.es\/en\/wp-json\/wp\/v2\/users\/30"}],"replies":[{"embeddable":true,"href":"https:\/\/u-build.es\/en\/wp-json\/wp\/v2\/comments?post=6193"}],"version-history":[{"count":3,"href":"https:\/\/u-build.es\/en\/wp-json\/wp\/v2\/posts\/6193\/revisions"}],"predecessor-version":[{"id":6196,"href":"https:\/\/u-build.es\/en\/wp-json\/wp\/v2\/posts\/6193\/revisions\/6196"}],"wp:featuredmedia":[{"embeddable":true,"href":"https:\/\/u-build.es\/en\/wp-json\/wp\/v2\/media\/6189"}],"wp:attachment":[{"href":"https:\/\/u-build.es\/en\/wp-json\/wp\/v2\/media?parent=6193"}],"wp:term":[{"taxonomy":"category","embeddable":true,"href":"https:\/\/u-build.es\/en\/wp-json\/wp\/v2\/categories?post=6193"},{"taxonomy":"post_tag","embeddable":true,"href":"https:\/\/u-build.es\/en\/wp-json\/wp\/v2\/tags?post=6193"}],"curies":[{"name":"wp","href":"https:\/\/api.w.org\/{rel}","templated":true}]}}